{"id":119,"count":3,"description":"<h2>V\u00e9randa r\u00e9tractable\u00a0: le confort sur mesure<\/h2>\r\nLa v\u00e9randa est un type de couverture\u00a0<strong>adapt\u00e9 aux b\u00e2timents r\u00e9sidentiels comme aux locaux commerciaux<\/strong>. Qu\u2019il s\u2019agisse de votre logement ou de votre entreprise, une v\u00e9randa ext\u00e9rieure apporte une valeur ajout\u00e9e aux diff\u00e9rents espaces\u00a0: elle offre une continuit\u00e9 visuelle entre l\u2019int\u00e9rieur et le paysage ext\u00e9rieur et\u00a0<strong>permet de profiter du beau temps en plein air et de disposer d\u2019un espace utilisable en cas de mauvais temps<\/strong>.\r\n\r\n[show_more more='LIRE LA SUITE' less='FERMER']\r\n\r\nSi vous envisagez de r\u00e9nover votre espace ext\u00e9rieur ou votre logement en y ajoutant une touche de nouveaut\u00e9 et de confort, une v\u00e9randa r\u00e9tractable est la solution id\u00e9ale\u00a0:\u00a0<strong>chez Lasp, nous concevons votre couverture sur mesure<\/strong>. Nous proposons\u00a0<strong>diff\u00e9rents mod\u00e8les<\/strong>: un mod\u00e8le avec une structure auto-port\u00e9e en aluminium et sans panneaux lat\u00e9raux, ou un mod\u00e8le complet avec panneaux, rideaux et baies vitr\u00e9es isolants et r\u00e9sistants aux agents atmosph\u00e9riques. Pour vous garantir d\u2019<strong>excellentes performances en mati\u00e8re d\u2019\u00e9conomie d\u2019\u00e9nergie<\/strong>\u00a0et pour faciliter l\u2019entretien courant, chez Lasp, nous mettons \u00e0 votre disposition,\u00a0<strong>en exclusivit\u00e9 pour nos produits, des technologies brevet\u00e9es d\u2019isolation thermique et anti-condensation<\/strong>, comme le syst\u00e8me Stratus\u00a0Tex.\r\n\r\n<strong>Cependant, le v\u00e9ritable avantage est le m\u00e9canisme r\u00e9tractable<\/strong>\u00a0: gr\u00e2ce \u00e0 un fonctionnement intuitif et ergonomique, il vous permet d\u2019ouvrir 50\u00a0% de la surface au sommet de la v\u00e9randa. De cette fa\u00e7on,\u00a0<strong>vous pouvez ajuster l\u2019entr\u00e9e de lumi\u00e8re et d\u2019air<\/strong>\u00a0en fonction des conditions m\u00e9t\u00e9orologiques, mais \u00e9galement offrir \u00e0 vos invit\u00e9s ou \u00e0 vos clients un environnement accueillant et confortable.\r\n<h2>M\u00e9canisme r\u00e9tractable\u00a0: fonctionnement<\/h2>\r\nUne v\u00e9randa r\u00e9tractable se compose de\u00a0<strong>deux modules, l\u2019un fixe et l\u2019autre coulissant<\/strong>, qui peuvent \u00eatre ouverts et ferm\u00e9s\u00a0:\r\n<ul>\r\n \t<li>vers la droite\u00a0;<\/li>\r\n \t<li>vers la gauche\u00a0;<\/li>\r\n \t<li>au milieu.<\/li>\r\n<\/ul>\r\n<strong>Ce m\u00e9canisme peut \u00eatre actionn\u00e9 manuellement<\/strong>\u00a0gr\u00e2ce \u00e0 une structure de guides lat\u00e9raux sur lesquels se d\u00e9placent les chariots en parall\u00e8le. Une l\u00e9g\u00e8re traction suffit pour les petites couvertures. Mais pour celles de plus grandes dimensions, il est n\u00e9cessaire d\u2019utiliser des tiges qui se fixent sur les parties mobiles.\r\n\r\n<strong>Chez Lasp, nous personnalisons chaque projet<\/strong>, non seulement en fonction de vos besoins, mais \u00e9galement en tenant compte des points suivants\u00a0:\r\n<ul>\r\n \t<li>l\u2019orientation cardinale de la v\u00e9randa\u00a0;<\/li>\r\n \t<li>le degr\u00e9 d\u2019exposition \u00e0 l\u2019action des agents atmosph\u00e9riques\u00a0;<\/li>\r\n \t<li>les sp\u00e9cificit\u00e9s du climat.<\/li>\r\n<\/ul>\r\nDe plus, gr\u00e2ce \u00e0 notre\u00a0<strong>service d\u2019installateurs qualifi\u00e9s<\/strong>, nous pouvons r\u00e9aliser le montage de votre couverture en quelques jours seulement.\r\n\r\n[\/show_more]","link":"https:\/\/www.laspsystem.com\/fr\/toitures-ouvrantes\/verandas-retractable\/","name":"V\u00e9randas r\u00e9tractables","slug":"verandas-retractable","taxonomy":"categorie_prodotto","parent":113,"meta":[],"acf":[],"_links":{"self":[{"href":"https:\/\/www.laspsystem.com\/fr\/wp-json\/wp\/v2\/categorie_prodotto\/119"}],"collection":[{"href":"https:\/\/www.laspsystem.com\/fr\/wp-json\/wp\/v2\/categorie_prodotto"}],"about":[{"href":"https:\/\/www.laspsystem.com\/fr\/wp-json\/wp\/v2\/taxonomies\/categorie_prodotto"}],"up":[{"embeddable":true,"href":"https:\/\/www.laspsystem.com\/fr\/wp-json\/wp\/v2\/categorie_prodotto\/113"}],"wp:post_type":[{"href":"https:\/\/www.laspsystem.com\/fr\/wp-json\/wp\/v2\/prodotti?categorie_prodotto=119"}],"curies":[{"name":"wp","href":"https:\/\/api.w.org\/{rel}","templated":true}]}}